{"id":3277,"date":"2024-07-12T18:42:59","date_gmt":"2024-07-12T16:42:59","guid":{"rendered":"https:\/\/alliance-animale.ch\/?p=3277"},"modified":"2024-07-12T18:43:00","modified_gmt":"2024-07-12T16:43:00","slug":"importverbot-fuer-pelze-und-pelzprodukte-aus-tierquaelerischer-haltung-auch-fuer-privatpersonen","status":"publish","type":"post","link":"https:\/\/alliance-animale.ch\/de\/importverbot-fuer-pelze-und-pelzprodukte-aus-tierquaelerischer-haltung-auch-fuer-privatpersonen\/","title":{"rendered":"Importverbot f\u00fcr Pelze und Pelzprodukte aus tierqu\u00e4lerischer Haltung: Auch f\u00fcr Privatpersonen!"},"content":{"rendered":"<p>[et_pb_section fb_built=&#8220;1&#8243; _builder_version=&#8220;4.17.4&#8243; _module_preset=&#8220;default&#8220; global_colors_info=&#8220;{}&#8220; theme_builder_area=&#8220;post_content&#8220;][et_pb_row _builder_version=&#8220;4.17.4&#8243; _module_preset=&#8220;default&#8220; global_colors_info=&#8220;{}&#8220; theme_builder_area=&#8220;post_content&#8220;][et_pb_column type=&#8220;4_4&#8243; _builder_version=&#8220;4.17.4&#8243; _module_preset=&#8220;default&#8220; global_colors_info=&#8220;{}&#8220; theme_builder_area=&#8220;post_content&#8220;][et_pb_image src=&#8220;https:\/\/alliance-animale.ch\/wp-content\/uploads\/2024\/07\/haut-consultation-ordonnances-fourrure.jpg&#8220; alt=&#8220;Fourrures&#8220; title_text=&#8220;haut-consultation-ordonnances-fourrure&#8220; _builder_version=&#8220;4.17.4&#8243; _module_preset=&#8220;default&#8220; hover_enabled=&#8220;0&#8243; global_colors_info=&#8220;{}&#8220; theme_builder_area=&#8220;post_content&#8220; sticky_enabled=&#8220;0&#8243;][\/et_pb_image][et_pb_text _builder_version=&#8220;4.17.4&#8243; _module_preset=&#8220;default&#8220; text_font_size=&#8220;16px&#8220; header_4_line_height=&#8220;1.2em&#8220; hover_enabled=&#8220;0&#8243; global_colors_info=&#8220;{}&#8220; theme_builder_area=&#8220;post_content&#8220; sticky_enabled=&#8220;0&#8243;]<\/p>\n<p><em>Abschluss des Konsultationsverfahrens zur \u00c4nderung mehrerer Verordnungen zur Verhinderung des Imports von Pelzen aus tierqu\u00e4lerischer Haltung.<\/em> <\/p>\n<h2><strong>Die Schweizerische Tierschutz-Allianz (AAS) und die Partnerorganisationen der Pelz-Initiative fordern ein Importverbot auch f\u00fcr Privatpersonen.<\/strong><\/h2>\n<p><strong>Am 10. April 2024 hat das Eidgen\u00f6ssische Departement des Innern (EDI) die Revision mehrerer Verordnungen (1), die das Importverbot von Pelzen und aus tierqu\u00e4lerischer Haltung regeln, bis zum 12. Juli 2024 in die Vernehmlassung geschickt.<\/strong><\/p>\n<p>Insgesamt begr\u00fcssen die AAS und die Partnerorganisationen der Pelz-Initiative (2) den Entwurf des EDI und den Willen des Bundesrates, den Import von Pelzen zu verbieten, die aus Produktionen stammen, die gem\u00e4ss unseren Gesetzen verboten sind. Dieser Entwurf erf\u00fcllt gr\u00f6sstenteils die Ziele der Pelz-Initiative, enth\u00e4lt jedoch mehrere Bestimmungen, die es erm\u00f6glichen, das Verbot zu umgehen.<\/p>\n<p><strong>Die neuen Bestimmungen im \u00dcberblick:<\/strong><br \/>Der Entwurf des EDI st\u00fctzt sich auf Art. 14, Abs. 1 des Bundesgesetzes \u00fcber den Tierschutz (TSchG), welcher besagt, dass der Bundesrat &#8222;aus Gr\u00fcnden des Tierschutzes den Import, Transit und Export von Tieren und tierischen Produkten unter bestimmten Bedingungen regeln, einschr\u00e4nken oder verbieten&#8220; kann (3).<br \/>Die neue Regelung zielt darauf ab, den Import von Pelzen und Pelzprodukten aus tierqu\u00e4lerischer Haltung zu verbieten. Als tierqu\u00e4lerisch gilt jede Methode, die bei gez\u00fcchteten oder gejagten Tieren zur Pelzproduktion Angst und Schmerzen verursacht. (4).<br \/>Das Verbot gilt nicht f\u00fcr Produkte von Tieren, die nicht aus tierqu\u00e4lerischer Haltung stammen. Es handelt sich um Pelze, die gem\u00e4ss den Tierschutzrichtlinien der Weltorganisation f\u00fcr Tiergesundheit (OMSA) produziert wurden. Diese Richtlinien sind erf\u00fcllt, wenn das Tier weder Schmerzen, Verletzungen und Krankheiten noch Angst oder Stress erleidet (5). Das Bundesamt f\u00fcr Lebensmittelsicherheit und Veterin\u00e4rwesen (BLV) wird innerhalb von zwei Jahren die Liste der L\u00e4nder und Unternehmen erstellen, die weiterhin Pelze in die Schweiz importieren d\u00fcrfen.<br \/>Pelzprodukte aus tierqu\u00e4lerischer Haltung k\u00f6nnen weiterhin importiert werden, wenn sie aus einem Nachlass, als Umzugsgut, zu Ausstellungs- oder nichtkommerziellen Forschungszwecken stammen oder wenn sie von einem Reisenden f\u00fcr den pers\u00f6nlichen Gebrauch mitgef\u00fchrt werden. Das EDI erlaubt auch bestimmte Methoden, wie die Verwendung von &#8222;Schlagfallen, in die die Tiere freiwillig gehen und deren Mechanismus sie sofort t\u00f6tet&#8220;.<\/p>\n<h3><strong>Stellungnahme der AAS und der Partnerorganisationen der Pelz-Initiative<\/strong><\/h3>\n<p>Der Entwurf des EDI bringt endlich Koh\u00e4renz zwischen den vom Bundesparlament beschlossenen Bestimmungen zum Schutz von Tieren vor grausamen Praktiken und dem Handelsverkehr, der ohne Einschr\u00e4nkung den Import von Produkten aus tierqu\u00e4lerischer Haltung erlaubt, mit der Begr\u00fcndung, dass sie aus dem Ausland stammen und die wirtschaftliche Freiheit \u00fcber ethische und moralische Fragen gestellt wird.<br \/>Es ist grunds\u00e4tzlich sinnvoll, dass sich das EDI auf die Leitprinzipien der OMSA st\u00fctzt, einer zwischenstaatlichen Organisation, die sich weltweit f\u00fcr die Tiergesundheit einsetzt, statt ausschliesslich auf das Schweizer Tierschutzgesetz, wenn es um die Anwendung von Bestimmungen im internationalen Handel geht.<\/p>\n<h3><strong>Importverbot f\u00fcr Pelze und Pelzprodukte aus tierqu\u00e4lerischer Haltung: Auch f\u00fcr Privatpersonen!<\/strong><\/h3>\n<p>Im Gegensatz dazu ist es unverst\u00e4ndlich, dass eine Ausnahme f\u00fcr Privatpersonen, die Pelze f\u00fcr den pers\u00f6nlichen Gebrauch aus dem Ausland mitbringen, gilt (6), auch wenn Ausnahmen bei Umzugsgut, aus einem Nachlass oder zu Ausstellungs- oder nichtkommerziellen Forschungszwecken akzeptabel sind. Eine solche Ausnahme f\u00fchrt dazu, dass die vorgesehenen Bestimmungen umgangen werden und das Verbot dadurch unwirksam wird. Das BLV plant zwar, Privatpersonen den Kauf von Pelzen, die gegen die OMSA-Bestimmungen verstossen, auf Online-Verkaufsplattformen zu verbieten, argumentiert aber damit, dass das Verbot f\u00fcr die Einfuhr f\u00fcr Privatpersonen f\u00fcr im Ausland gekaufte Pelze einen zu grossen Aufwand bedeute, und dadurch unverh\u00e4ltnism\u00e4ssig w\u00e4re (7). W\u00e4hrend das Verbot von Online-K\u00e4ufen selbstverst\u00e4ndlich unterst\u00fctzt wird, ist das Argument des &#8222;h\u00f6heren Aufwands&#8220; f\u00fcr Privatpersonen, einen Pelz von einer Reise mitzubringen, schwer nachvollziehbar. Privatpersonen organisieren keine speziellen Reisen, um Pelze mitzubringen, sondern nutzen einfach eine Auslandsreise daf\u00fcr. Zum Beispiel weist das Bundesamt f\u00fcr Statistik darauf hin, dass die Schweiz nach den Vereinigten Arabischen Emiraten und Norwegen die h\u00f6chste Anzahl an Flugreisen pro Kopf hat. Das entspricht durchschnittlich 1,6 Fl\u00fcgen pro Jahr und Person, wobei in fast 80% der F\u00e4lle ein europ\u00e4isches Ziel angesteuert wird. Insgesamt zeigen die Statistiken, dass 80% bis 90% der Schweizerinnen und Schweizer mindestens einmal im Jahr ins Ausland reisen. Somit betrifft das Risiko des Einkaufstourismus nicht nur die Bewohnerinnen und Bewohner einiger Grenzkantone, sondern nahezu die gesamte Bev\u00f6lkerung unseres Landes. Es macht keinen Sinn, unseren Gesch\u00e4ften den Verkauf von Pelzen aus tierqu\u00e4lerischer Haltung zu verbieten, aber gleichzeitig den uneingeschr\u00e4nkten Import durch Privatpersonen, die von einer Auslandsreise zur\u00fcckkehren, zu erlauben. Es sei denn, man m\u00f6chte das angestrebte Verbot v\u00f6llig wirkungslos machen.<\/p>\n<h3><strong>Keine Ausnahmen f\u00fcr Pelze aus Tieren, die durch Schlagfallen get\u00f6tet wurden<\/strong><\/h3>\n<p>Eine weitere fragw\u00fcrdige Bestimmung ist die Verwendung von Schlagfallen zur Pelzproduktion. Auch wenn diese Art von Fallen in der Schweiz zur Beseitigung von kleinen Nagetieren eingesetzt wird und diese Tiere tats\u00e4chlich sofort t\u00f6tet, so ist dies bei gr\u00f6\u00dferen Tieren wie Kojoten nicht immer der Fall. Aus vielen L\u00e4ndern, insbesondere Nordamerika, in welchen Tiere f\u00fcr ihre Pelze gejagt werden, werden unz\u00e4hlige F\u00e4lle von qualvollem Sterben gemeldet. Diese Ausnahme bedeutet, dass das BLV die Mittel haben wird, Kontrollen durchzuf\u00fchren, insbesondere durch lokale Organisationen, die die Fangmethoden zertifizieren, was angesichts des Arbeitsumfangs fraglich ist. Eine Ausnahme sollte nicht toleriert werden, wenn Zweifel an der Konformit\u00e4t der Methode bestehen. Schliesslich sind Schlagfallen nicht selektiv und verursachen j\u00e4hrlich den unn\u00f6tigen Tod von Tieren, die f\u00fcr die Pelzindustrie uninteressant sind, was das ethische Problem ihrer Nutzung nur verst\u00e4rkt.<\/p>\n<p>[\/et_pb_text][et_pb_text _builder_version=&#8220;4.17.4&#8243; _module_preset=&#8220;default&#8220; theme_builder_area=&#8220;post_content&#8220; text_font_size=&#8220;16px&#8220; custom_padding=&#8220;20px|10px|10px|10px|false|false&#8220; background_color=&#8220;#F9E7D2&#8243; hover_enabled=&#8220;0&#8243; sticky_enabled=&#8220;0&#8243;]<\/p>\n<h3><strong>Geschichte der Pelz-Initiative<\/strong><\/h3>\n<p><strong>Seit \u00fcber 40 Jahren k\u00e4mpfen verschiedene Tierschutzorganisationen in der Schweiz und weltweit aktiv mit Plakaten und Informationskampagnen f\u00fcr ein Verbot von Pelzprodukten aus tierqu\u00e4lerischer Haltung.<\/strong><\/p>\n<p><strong>01M\u00e4rz 2011:<\/strong> Ablehnung der parlamentarischen Initiative <a href=\"https:\/\/www.parlament.ch\/de\/ratsbetrieb\/suche-curia-vista\/geschaeft?AffairId=20090428\" target=\"_blank\" rel=\"noopener\">09.428<\/a> &#8222;Importverbot f\u00fcr tierqu\u00e4lerisch hergestellte Pelzprodukte&#8220;, eingereicht am 30. April 2009 von St\u00e4nder\u00e4tin Pascale Bruderer Wyss (SP).<\/p>\n<p><strong>29. November 2017:<\/strong> Ablehnung der Motion <a href=\"https:\/\/www.parlament.ch\/de\/ratsbetrieb\/suche-curia-vista\/geschaeft?AffairId=20153832\" target=\"_blank\" rel=\"noopener\">15.3832<\/a> &#8222;Importverbot f\u00fcr tierqu\u00e4lerisch erzeugte Produkte&#8220; durch das Bundesparlament, eingereicht am 10. September 2015 von Nationalrat Matthias Aebischer (SP).<\/p>\n<p><strong>6. Juni 2019:<\/strong> Abschreibung Postulat <a href=\"https:\/\/www.parlament.ch\/de\/ratsbetrieb\/suche-curia-vista\/geschaeft?AffairId=20144286\" target=\"_blank\" rel=\"noopener\">14.4286<\/a> &#8222;Beendigung der Einfuhr und des Verkaufs von Pelzprodukten aus tierqu\u00e4lerischer Haltung&#8220;, eingereicht am 12. Dezember 2014 von der St\u00e4nder\u00e4tin Pascale Bruderer Wyss (SP).<\/p>\n<p><strong>17. Dezember 2021:<\/strong> Abschreibung ohne Behandlung der Motion <a href=\"https:\/\/www.parlament.ch\/de\/ratsbetrieb\/suche-curia-vista\/geschaeft?AffairId=20194583\" target=\"_blank\" rel=\"noopener\">19.4583<\/a> &#8222;Produkte aus tierqu\u00e4lerischer Haltung. Gleichbehandlung von nationalen und ausl\u00e4ndischen Produzenten&#8220;, eingereicht am 20. Dezember 2019 von der Nationalr\u00e4tin Barbara Keller-Inhelder (SVP).<\/p>\n<p><strong>30. Mai 2022:<\/strong> Ablehnung der Motion <a href=\"https:\/\/www.parlament.ch\/de\/ratsbetrieb\/suche-curia-vista\/geschaeft?AffairId=20194425\" target=\"_blank\" rel=\"noopener\">19.4425<\/a> \u201eImportverbot f\u00fcr tierqu\u00e4lerisch erzeugte Pelzprodukte\u201c durch das Bundesparlament, eingereicht am 12. Dezember 2019 von Nationalrat Matthias Aebischer (SP).<\/p>\n<p><strong>29. Juni 2022:<\/strong> <strong>Lancierung der <a href=\"https:\/\/pelz-initiative.ch\/\" target=\"_blank\" rel=\"noopener\">eidgen\u00f6ssischen Volksinitiative<\/a> \u201eJa zum Importverbot von Pelzprodukten aus tierqu\u00e4lerischer Haltung (Pelz-Initiative)\u201c durch die Alliance Animale Suisse, unterst\u00fctzt von rund zwanzig Tierschutzorganisationen.<\/strong><\/p>\n<p><strong>April 2023:<\/strong> Der Bundesrat beauftragt das EDI, einen Konsultationsentwurf zur Verhinderung des Imports von Pelzen und Pelzprodukten aus tierqu\u00e4lerischer Haltung zu erstellen und eine Regulierungsfolgenabsch\u00e4tzung durchzuf\u00fchren.<\/p>\n<p><strong>28. Dezember 2023:<\/strong> Einreichung der Pelz-Initiative mit 116.140 Unterschriften bei der Bundeskanzlei (erforderlich waren 100.000).<\/p>\n<p><strong>20. Februar 2024:<\/strong> Die Bundeskanzlei best\u00e4tigt das Zustandekommen der Pelz-Initiative mit 113.474 g\u00fcltigen Unterschriften. Gem\u00e4\u00df Artikel 97 des Parlamentsgesetzes hat der Bundesrat maximal 12 bis 18 Monate Zeit, dem Bundesparlament seine Stellungnahme in Form eines Beschlusses zu unterbreiten.<\/p>\n<p><strong>10. April 2024:<\/strong> <a href=\"https:\/\/www.admin.ch\/gov\/fr\/accueil\/documentation\/communiques.msg-id-100668.html\" target=\"_blank\" rel=\"noopener\">Der Bundesrat gibt bekannt<\/a>, die Pelz-Initiative abzulehnen. Er erkennt jedoch die Ziele der Initiative als \u201everst\u00e4ndlich\u201c an und plant, ihr einen indirekten Gegenvorschlag durch eine \u00c4nderung des Tierschutzgesetzes entgegenzustellen, die dem Parlament bis Sommer 2025 vorgelegt werden soll. Damit ein Importverbot f\u00fcr Pelze schnell in Kraft treten kann, plant er die \u00c4nderung mehrerer Verordnungen und er\u00f6ffnet ein Konsultationsverfahren bis zum 12. Juli 2024.<\/p>\n<p><strong>11 Juli 2024:<\/strong> Einsendung der <a href=\"https:\/\/alliance-animale.ch\/wp-content\/uploads\/2024\/07\/2024-07-11-Formulaire-reponse-AAS-AT-de.pdf\" target=\"_blank\" rel=\"noopener\">Stellungnahme des AAS<\/a> zur Konsultationsverfahren betreffend das Einfuhrverbot von Pelzen.<\/p>\n<p>[\/et_pb_text][et_pb_text _builder_version=&#8220;4.17.4&#8243; _module_preset=&#8220;default&#8220; theme_builder_area=&#8220;post_content&#8220; text_font_size=&#8220;16px&#8220; hover_enabled=&#8220;0&#8243; sticky_enabled=&#8220;0&#8243;]<\/p>\n<p><span style=\"text-decoration: underline;\">Quellen:<\/span><\/p>\n<p>(1) Es handelt sich um Verordnungen zur Regelung des Imports, Transits und Exports von Tieren und tierischen Produkten mit den EU-Mitgliedstaaten, Island, Norwegen und Nordirland (OITE-UE) und Drittl\u00e4ndern (OITE-PT), sowie die neue Verordnung des EDI zur Liste der L\u00e4nder, die f\u00fcr den Import von Pelzen und Pelzprodukten gelten.<br \/>Alle Dokumente zum Konsultationsverfahren Nr. 2023\/94 vom 10. April 2024 \u201e\u00c4nderung von Verordnungen in den Bereichen Lebensmittel und Import, Transit und Export von Tieren und tierischen Produkten\u201c <a href=\"https:\/\/www.fedlex.admin.ch\/de\/consultation-procedures\/ongoing#https:\/\/fedlex.data.admin.ch\/eli\/dl\/proj\/2023\/94\/cons_1 \" target=\"_blank\" rel=\"noopener\">k\u00f6nnen hier heruntergeladen werden.<\/a><\/p>\n<p>(2) Tr\u00e4gerschaft und finanzielles Engagement der Initiative: Alliance Animale Suisse (AAS), Animal Trust, Animal Equit\u00e9.<br \/>Unterst\u00fctzende Organisationen: Wildtierschutz Schweiz, ATRA, Swissveg, Animal Rights Switzerland, VGT, TPS, Anti Fur League, Pro Nutz Tier, Fondation SOS Chats Noiraigue, SPA Fribourg, SPA Jura (AJPA), KAGfreiland, Soci\u00e9t\u00e9 Vaudoise pour la Protection des Animaux (SVPA), SPA la C\u00f4te, Dachverband Berner Tierschutzorganisationen, Stop Gavage Suisse, SOS Chats Meyrin, NetAP, Fondation Susy Utzinger, PETA Schweiz.<br \/><a href=\"https:\/\/pelz-initiative.ch\/de\/unterstuetzung\/\" target=\"_blank\" rel=\"noopener\">https:\/\/pelz-initiative.ch\/de\/unterstuetzung\/<\/a><\/p>\n<p>(3) <a href=\"https:\/\/www.fedlex.admin.ch\/eli\/cc\/2008\/414\/de\" target=\"_blank\" rel=\"noopener\">https:\/\/www.fedlex.admin.ch\/eli\/cc\/2008\/414\/de<\/a><\/p>\n<p>(4) Art. 10a, Abs. 3 OITE-PT und 5a, Abs. 3 OITE-UE<\/p>\n<p>(5) <a href=\"https:\/\/www.woah.org\/fr\/accueil\/\" target=\"_blank\" rel=\"noopener\">https:\/\/www.woah.org\/fr\/accueil\/<\/a><br \/><a href=\"https:\/\/www.woah.org\/fr\/ce-que-nous-faisons\/normes\/codes-et-manuels\/acces-en-ligne-au-code-terrestre\/\" target=\"_blank\" rel=\"noopener\">https:\/\/www.woah.org\/fr\/ce-que-nous-faisons\/normes\/codes-et-manuels\/acces-en-ligne-au-code-terrestre\/<\/a><\/p>\n<p>(6) Art. 10b OITE-PT und 5b OITE-UE<\/p>\n<p>(7) <a href=\"https:\/\/alliance-animale.ch\/wp-content\/uploads\/2024\/07\/2024-07-05-BLV-a-AAS-consultation-ordonnances-fourrures.pdf\" target=\"_blank\" rel=\"noopener\">https:\/\/alliance-animale.ch\/wp-content\/uploads\/2024\/07\/2024-07-05-BLV-a-AAS-consultation-ordonnances-fourrures.pdf<\/a><\/p>\n<p>[\/et_pb_text][\/et_pb_column][\/et_pb_row][\/et_pb_section]<\/p>\n","protected":false},"excerpt":{"rendered":"<p>Abschluss des Konsultationsverfahrens zur \u00c4nderung mehrerer Verordnungen zur Verhinderung des Imports von Pelzen aus tierqu\u00e4lerischer Haltung. Die Schweizerische Tierschutz-Allianz (AAS) und die Partnerorganisationen der Pelz-Initiative fordern ein Importverbot auch f\u00fcr Privatpersonen. Am 10. April 2024 hat das Eidgen\u00f6ssische Departement des Innern (EDI) die Revision mehrerer Verordnungen (1), die das Importverbot von Pelzen und aus tierqu\u00e4lerischer [&hellip;]<\/p>\n","protected":false},"author":2,"featured_media":3238,"comment_status":"open","ping_status":"open","sticky":false,"template":"","format":"standard","meta":{"_et_pb_use_builder":"on","_et_pb_old_content":"","_et_gb_content_width":"","footnotes":""},"categories":[66,51],"tags":[],"class_list":["post-3277","post","type-post","status-publish","format-standard","has-post-thumbnail","hentry","category-parlament-de","category-unkategorisiert"],"yoast_head":"<!-- This site is optimized with the Yoast SEO plugin v24.4 - https:\/\/yoast.com\/wordpress\/plugins\/seo\/ -->\n<title>Importverbot f\u00fcr Pelze und Pelzprodukte aus tierqu\u00e4lerischer Haltung: Auch f\u00fcr Privatpersonen! - Alliance animale<\/title>\n<meta name=\"robots\" content=\"index, follow, max-snippet:-1, max-image-preview:large, max-video-preview:-1\" \/>\n<link rel=\"canonical\" href=\"https:\/\/alliance-animale.ch\/de\/importverbot-fuer-pelze-und-pelzprodukte-aus-tierquaelerischer-haltung-auch-fuer-privatpersonen\/\" \/>\n<meta property=\"og:locale\" content=\"de_DE\" \/>\n<meta property=\"og:type\" content=\"article\" \/>\n<meta property=\"og:title\" content=\"Importverbot f\u00fcr Pelze und Pelzprodukte aus tierqu\u00e4lerischer Haltung: Auch f\u00fcr Privatpersonen! - Alliance animale\" \/>\n<meta property=\"og:description\" content=\"Abschluss des Konsultationsverfahrens zur \u00c4nderung mehrerer Verordnungen zur Verhinderung des Imports von Pelzen aus tierqu\u00e4lerischer Haltung. Die Schweizerische Tierschutz-Allianz (AAS) und die Partnerorganisationen der Pelz-Initiative fordern ein Importverbot auch f\u00fcr Privatpersonen. Am 10. April 2024 hat das Eidgen\u00f6ssische Departement des Innern (EDI) die Revision mehrerer Verordnungen (1), die das Importverbot von Pelzen und aus tierqu\u00e4lerischer [&hellip;]\" \/>\n<meta property=\"og:url\" content=\"https:\/\/alliance-animale.ch\/de\/importverbot-fuer-pelze-und-pelzprodukte-aus-tierquaelerischer-haltung-auch-fuer-privatpersonen\/\" \/>\n<meta property=\"og:site_name\" content=\"Alliance animale\" \/>\n<meta property=\"article:publisher\" content=\"https:\/\/www.facebook.com\/allianceanimalesuisse\" \/>\n<meta property=\"article:published_time\" content=\"2024-07-12T16:42:59+00:00\" \/>\n<meta property=\"article:modified_time\" content=\"2024-07-12T16:43:00+00:00\" \/>\n<meta property=\"og:image\" content=\"https:\/\/alliance-animale.ch\/wp-content\/uploads\/2024\/07\/vignette-consultation-ordonnances-fourrure.jpg\" \/>\n\t<meta property=\"og:image:width\" content=\"596\" \/>\n\t<meta property=\"og:image:height\" content=\"376\" \/>\n\t<meta property=\"og:image:type\" content=\"image\/jpeg\" \/>\n<meta name=\"author\" content=\"lucaae\" \/>\n<meta name=\"twitter:card\" content=\"summary_large_image\" \/>\n<meta name=\"twitter:label1\" content=\"Verfasst von\" \/>\n\t<meta name=\"twitter:data1\" content=\"lucaae\" \/>\n\t<meta name=\"twitter:label2\" content=\"Gesch\u00e4tzte Lesezeit\" \/>\n\t<meta name=\"twitter:data2\" content=\"8\u00a0Minuten\" \/>\n<script type=\"application\/ld+json\" class=\"yoast-schema-graph\">{\"@context\":\"https:\/\/schema.org\",\"@graph\":[{\"@type\":\"Article\",\"@id\":\"https:\/\/alliance-animale.ch\/de\/importverbot-fuer-pelze-und-pelzprodukte-aus-tierquaelerischer-haltung-auch-fuer-privatpersonen\/#article\",\"isPartOf\":{\"@id\":\"https:\/\/alliance-animale.ch\/de\/importverbot-fuer-pelze-und-pelzprodukte-aus-tierquaelerischer-haltung-auch-fuer-privatpersonen\/\"},\"author\":{\"name\":\"lucaae\",\"@id\":\"https:\/\/alliance-animale.ch\/#\/schema\/person\/1b038403519f94b6c023c76cb751172e\"},\"headline\":\"Importverbot f\u00fcr Pelze und Pelzprodukte aus tierqu\u00e4lerischer Haltung: Auch f\u00fcr Privatpersonen!\",\"datePublished\":\"2024-07-12T16:42:59+00:00\",\"dateModified\":\"2024-07-12T16:43:00+00:00\",\"mainEntityOfPage\":{\"@id\":\"https:\/\/alliance-animale.ch\/de\/importverbot-fuer-pelze-und-pelzprodukte-aus-tierquaelerischer-haltung-auch-fuer-privatpersonen\/\"},\"wordCount\":1662,\"commentCount\":0,\"publisher\":{\"@id\":\"https:\/\/alliance-animale.ch\/#organization\"},\"image\":{\"@id\":\"https:\/\/alliance-animale.ch\/de\/importverbot-fuer-pelze-und-pelzprodukte-aus-tierquaelerischer-haltung-auch-fuer-privatpersonen\/#primaryimage\"},\"thumbnailUrl\":\"https:\/\/alliance-animale.ch\/wp-content\/uploads\/2024\/07\/vignette-consultation-ordonnances-fourrure.jpg\",\"articleSection\":[\"Parlament\",\"Unkategorisiert\"],\"inLanguage\":\"de\",\"potentialAction\":[{\"@type\":\"CommentAction\",\"name\":\"Comment\",\"target\":[\"https:\/\/alliance-animale.ch\/de\/importverbot-fuer-pelze-und-pelzprodukte-aus-tierquaelerischer-haltung-auch-fuer-privatpersonen\/#respond\"]}]},{\"@type\":\"WebPage\",\"@id\":\"https:\/\/alliance-animale.ch\/de\/importverbot-fuer-pelze-und-pelzprodukte-aus-tierquaelerischer-haltung-auch-fuer-privatpersonen\/\",\"url\":\"https:\/\/alliance-animale.ch\/de\/importverbot-fuer-pelze-und-pelzprodukte-aus-tierquaelerischer-haltung-auch-fuer-privatpersonen\/\",\"name\":\"Importverbot f\u00fcr Pelze und Pelzprodukte aus tierqu\u00e4lerischer Haltung: Auch f\u00fcr Privatpersonen! - Alliance animale\",\"isPartOf\":{\"@id\":\"https:\/\/alliance-animale.ch\/#website\"},\"primaryImageOfPage\":{\"@id\":\"https:\/\/alliance-animale.ch\/de\/importverbot-fuer-pelze-und-pelzprodukte-aus-tierquaelerischer-haltung-auch-fuer-privatpersonen\/#primaryimage\"},\"image\":{\"@id\":\"https:\/\/alliance-animale.ch\/de\/importverbot-fuer-pelze-und-pelzprodukte-aus-tierquaelerischer-haltung-auch-fuer-privatpersonen\/#primaryimage\"},\"thumbnailUrl\":\"https:\/\/alliance-animale.ch\/wp-content\/uploads\/2024\/07\/vignette-consultation-ordonnances-fourrure.jpg\",\"datePublished\":\"2024-07-12T16:42:59+00:00\",\"dateModified\":\"2024-07-12T16:43:00+00:00\",\"breadcrumb\":{\"@id\":\"https:\/\/alliance-animale.ch\/de\/importverbot-fuer-pelze-und-pelzprodukte-aus-tierquaelerischer-haltung-auch-fuer-privatpersonen\/#breadcrumb\"},\"inLanguage\":\"de\",\"potentialAction\":[{\"@type\":\"ReadAction\",\"target\":[\"https:\/\/alliance-animale.ch\/de\/importverbot-fuer-pelze-und-pelzprodukte-aus-tierquaelerischer-haltung-auch-fuer-privatpersonen\/\"]}]},{\"@type\":\"ImageObject\",\"inLanguage\":\"de\",\"@id\":\"https:\/\/alliance-animale.ch\/de\/importverbot-fuer-pelze-und-pelzprodukte-aus-tierquaelerischer-haltung-auch-fuer-privatpersonen\/#primaryimage\",\"url\":\"https:\/\/alliance-animale.ch\/wp-content\/uploads\/2024\/07\/vignette-consultation-ordonnances-fourrure.jpg\",\"contentUrl\":\"https:\/\/alliance-animale.ch\/wp-content\/uploads\/2024\/07\/vignette-consultation-ordonnances-fourrure.jpg\",\"width\":596,\"height\":376,\"caption\":\"Fourrures\"},{\"@type\":\"BreadcrumbList\",\"@id\":\"https:\/\/alliance-animale.ch\/de\/importverbot-fuer-pelze-und-pelzprodukte-aus-tierquaelerischer-haltung-auch-fuer-privatpersonen\/#breadcrumb\",\"itemListElement\":[{\"@type\":\"ListItem\",\"position\":1,\"name\":\"Accueil\",\"item\":\"https:\/\/alliance-animale.ch\/de\/\"},{\"@type\":\"ListItem\",\"position\":2,\"name\":\"Importverbot f\u00fcr Pelze und Pelzprodukte aus tierqu\u00e4lerischer Haltung: Auch f\u00fcr Privatpersonen!\"}]},{\"@type\":\"WebSite\",\"@id\":\"https:\/\/alliance-animale.ch\/#website\",\"url\":\"https:\/\/alliance-animale.ch\/\",\"name\":\"Alliance animale\",\"description\":\"\",\"publisher\":{\"@id\":\"https:\/\/alliance-animale.ch\/#organization\"},\"potentialAction\":[{\"@type\":\"SearchAction\",\"target\":{\"@type\":\"EntryPoint\",\"urlTemplate\":\"https:\/\/alliance-animale.ch\/?s={search_term_string}\"},\"query-input\":{\"@type\":\"PropertyValueSpecification\",\"valueRequired\":true,\"valueName\":\"search_term_string\"}}],\"inLanguage\":\"de\"},{\"@type\":\"Organization\",\"@id\":\"https:\/\/alliance-animale.ch\/#organization\",\"name\":\"Alliance animale suisse\",\"url\":\"https:\/\/alliance-animale.ch\/\",\"logo\":{\"@type\":\"ImageObject\",\"inLanguage\":\"de\",\"@id\":\"https:\/\/alliance-animale.ch\/#\/schema\/logo\/image\/\",\"url\":\"https:\/\/alliance-animale.ch\/wp-content\/uploads\/2020\/03\/cropped-cropped-aas-logo_200x150-2.png\",\"contentUrl\":\"https:\/\/alliance-animale.ch\/wp-content\/uploads\/2020\/03\/cropped-cropped-aas-logo_200x150-2.png\",\"width\":512,\"height\":512,\"caption\":\"Alliance animale suisse\"},\"image\":{\"@id\":\"https:\/\/alliance-animale.ch\/#\/schema\/logo\/image\/\"},\"sameAs\":[\"https:\/\/www.facebook.com\/allianceanimalesuisse\"]},{\"@type\":\"Person\",\"@id\":\"https:\/\/alliance-animale.ch\/#\/schema\/person\/1b038403519f94b6c023c76cb751172e\",\"name\":\"lucaae\",\"image\":{\"@type\":\"ImageObject\",\"inLanguage\":\"de\",\"@id\":\"https:\/\/alliance-animale.ch\/#\/schema\/person\/image\/\",\"url\":\"https:\/\/secure.gravatar.com\/avatar\/ffabd643c9bde1ddb74a7c0c246baf46120aab4ff4667ddabceccd73269adc8e?s=96&d=mm&r=g\",\"contentUrl\":\"https:\/\/secure.gravatar.com\/avatar\/ffabd643c9bde1ddb74a7c0c246baf46120aab4ff4667ddabceccd73269adc8e?s=96&d=mm&r=g\",\"caption\":\"lucaae\"},\"url\":\"https:\/\/alliance-animale.ch\/de\/author\/lucaae\/\"}]}<\/script>\n<!-- \/ Yoast SEO plugin. -->","yoast_head_json":{"title":"Importverbot f\u00fcr Pelze und Pelzprodukte aus tierqu\u00e4lerischer Haltung: Auch f\u00fcr Privatpersonen! - Alliance animale","robots":{"index":"index","follow":"follow","max-snippet":"max-snippet:-1","max-image-preview":"max-image-preview:large","max-video-preview":"max-video-preview:-1"},"canonical":"https:\/\/alliance-animale.ch\/de\/importverbot-fuer-pelze-und-pelzprodukte-aus-tierquaelerischer-haltung-auch-fuer-privatpersonen\/","og_locale":"de_DE","og_type":"article","og_title":"Importverbot f\u00fcr Pelze und Pelzprodukte aus tierqu\u00e4lerischer Haltung: Auch f\u00fcr Privatpersonen! - Alliance animale","og_description":"Abschluss des Konsultationsverfahrens zur \u00c4nderung mehrerer Verordnungen zur Verhinderung des Imports von Pelzen aus tierqu\u00e4lerischer Haltung. Die Schweizerische Tierschutz-Allianz (AAS) und die Partnerorganisationen der Pelz-Initiative fordern ein Importverbot auch f\u00fcr Privatpersonen. Am 10. April 2024 hat das Eidgen\u00f6ssische Departement des Innern (EDI) die Revision mehrerer Verordnungen (1), die das Importverbot von Pelzen und aus tierqu\u00e4lerischer [&hellip;]","og_url":"https:\/\/alliance-animale.ch\/de\/importverbot-fuer-pelze-und-pelzprodukte-aus-tierquaelerischer-haltung-auch-fuer-privatpersonen\/","og_site_name":"Alliance animale","article_publisher":"https:\/\/www.facebook.com\/allianceanimalesuisse","article_published_time":"2024-07-12T16:42:59+00:00","article_modified_time":"2024-07-12T16:43:00+00:00","og_image":[{"width":596,"height":376,"url":"https:\/\/alliance-animale.ch\/wp-content\/uploads\/2024\/07\/vignette-consultation-ordonnances-fourrure.jpg","type":"image\/jpeg"}],"author":"lucaae","twitter_card":"summary_large_image","twitter_misc":{"Verfasst von":"lucaae","Gesch\u00e4tzte Lesezeit":"8\u00a0Minuten"},"schema":{"@context":"https:\/\/schema.org","@graph":[{"@type":"Article","@id":"https:\/\/alliance-animale.ch\/de\/importverbot-fuer-pelze-und-pelzprodukte-aus-tierquaelerischer-haltung-auch-fuer-privatpersonen\/#article","isPartOf":{"@id":"https:\/\/alliance-animale.ch\/de\/importverbot-fuer-pelze-und-pelzprodukte-aus-tierquaelerischer-haltung-auch-fuer-privatpersonen\/"},"author":{"name":"lucaae","@id":"https:\/\/alliance-animale.ch\/#\/schema\/person\/1b038403519f94b6c023c76cb751172e"},"headline":"Importverbot f\u00fcr Pelze und Pelzprodukte aus tierqu\u00e4lerischer Haltung: Auch f\u00fcr Privatpersonen!","datePublished":"2024-07-12T16:42:59+00:00","dateModified":"2024-07-12T16:43:00+00:00","mainEntityOfPage":{"@id":"https:\/\/alliance-animale.ch\/de\/importverbot-fuer-pelze-und-pelzprodukte-aus-tierquaelerischer-haltung-auch-fuer-privatpersonen\/"},"wordCount":1662,"commentCount":0,"publisher":{"@id":"https:\/\/alliance-animale.ch\/#organization"},"image":{"@id":"https:\/\/alliance-animale.ch\/de\/importverbot-fuer-pelze-und-pelzprodukte-aus-tierquaelerischer-haltung-auch-fuer-privatpersonen\/#primaryimage"},"thumbnailUrl":"https:\/\/alliance-animale.ch\/wp-content\/uploads\/2024\/07\/vignette-consultation-ordonnances-fourrure.jpg","articleSection":["Parlament","Unkategorisiert"],"inLanguage":"de","potentialAction":[{"@type":"CommentAction","name":"Comment","target":["https:\/\/alliance-animale.ch\/de\/importverbot-fuer-pelze-und-pelzprodukte-aus-tierquaelerischer-haltung-auch-fuer-privatpersonen\/#respond"]}]},{"@type":"WebPage","@id":"https:\/\/alliance-animale.ch\/de\/importverbot-fuer-pelze-und-pelzprodukte-aus-tierquaelerischer-haltung-auch-fuer-privatpersonen\/","url":"https:\/\/alliance-animale.ch\/de\/importverbot-fuer-pelze-und-pelzprodukte-aus-tierquaelerischer-haltung-auch-fuer-privatpersonen\/","name":"Importverbot f\u00fcr Pelze und Pelzprodukte aus tierqu\u00e4lerischer Haltung: Auch f\u00fcr Privatpersonen! - Alliance animale","isPartOf":{"@id":"https:\/\/alliance-animale.ch\/#website"},"primaryImageOfPage":{"@id":"https:\/\/alliance-animale.ch\/de\/importverbot-fuer-pelze-und-pelzprodukte-aus-tierquaelerischer-haltung-auch-fuer-privatpersonen\/#primaryimage"},"image":{"@id":"https:\/\/alliance-animale.ch\/de\/importverbot-fuer-pelze-und-pelzprodukte-aus-tierquaelerischer-haltung-auch-fuer-privatpersonen\/#primaryimage"},"thumbnailUrl":"https:\/\/alliance-animale.ch\/wp-content\/uploads\/2024\/07\/vignette-consultation-ordonnances-fourrure.jpg","datePublished":"2024-07-12T16:42:59+00:00","dateModified":"2024-07-12T16:43:00+00:00","breadcrumb":{"@id":"https:\/\/alliance-animale.ch\/de\/importverbot-fuer-pelze-und-pelzprodukte-aus-tierquaelerischer-haltung-auch-fuer-privatpersonen\/#breadcrumb"},"inLanguage":"de","potentialAction":[{"@type":"ReadAction","target":["https:\/\/alliance-animale.ch\/de\/importverbot-fuer-pelze-und-pelzprodukte-aus-tierquaelerischer-haltung-auch-fuer-privatpersonen\/"]}]},{"@type":"ImageObject","inLanguage":"de","@id":"https:\/\/alliance-animale.ch\/de\/importverbot-fuer-pelze-und-pelzprodukte-aus-tierquaelerischer-haltung-auch-fuer-privatpersonen\/#primaryimage","url":"https:\/\/alliance-animale.ch\/wp-content\/uploads\/2024\/07\/vignette-consultation-ordonnances-fourrure.jpg","contentUrl":"https:\/\/alliance-animale.ch\/wp-content\/uploads\/2024\/07\/vignette-consultation-ordonnances-fourrure.jpg","width":596,"height":376,"caption":"Fourrures"},{"@type":"BreadcrumbList","@id":"https:\/\/alliance-animale.ch\/de\/importverbot-fuer-pelze-und-pelzprodukte-aus-tierquaelerischer-haltung-auch-fuer-privatpersonen\/#breadcrumb","itemListElement":[{"@type":"ListItem","position":1,"name":"Accueil","item":"https:\/\/alliance-animale.ch\/de\/"},{"@type":"ListItem","position":2,"name":"Importverbot f\u00fcr Pelze und Pelzprodukte aus tierqu\u00e4lerischer Haltung: Auch f\u00fcr Privatpersonen!"}]},{"@type":"WebSite","@id":"https:\/\/alliance-animale.ch\/#website","url":"https:\/\/alliance-animale.ch\/","name":"Alliance animale","description":"","publisher":{"@id":"https:\/\/alliance-animale.ch\/#organization"},"potentialAction":[{"@type":"SearchAction","target":{"@type":"EntryPoint","urlTemplate":"https:\/\/alliance-animale.ch\/?s={search_term_string}"},"query-input":{"@type":"PropertyValueSpecification","valueRequired":true,"valueName":"search_term_string"}}],"inLanguage":"de"},{"@type":"Organization","@id":"https:\/\/alliance-animale.ch\/#organization","name":"Alliance animale suisse","url":"https:\/\/alliance-animale.ch\/","logo":{"@type":"ImageObject","inLanguage":"de","@id":"https:\/\/alliance-animale.ch\/#\/schema\/logo\/image\/","url":"https:\/\/alliance-animale.ch\/wp-content\/uploads\/2020\/03\/cropped-cropped-aas-logo_200x150-2.png","contentUrl":"https:\/\/alliance-animale.ch\/wp-content\/uploads\/2020\/03\/cropped-cropped-aas-logo_200x150-2.png","width":512,"height":512,"caption":"Alliance animale suisse"},"image":{"@id":"https:\/\/alliance-animale.ch\/#\/schema\/logo\/image\/"},"sameAs":["https:\/\/www.facebook.com\/allianceanimalesuisse"]},{"@type":"Person","@id":"https:\/\/alliance-animale.ch\/#\/schema\/person\/1b038403519f94b6c023c76cb751172e","name":"lucaae","image":{"@type":"ImageObject","inLanguage":"de","@id":"https:\/\/alliance-animale.ch\/#\/schema\/person\/image\/","url":"https:\/\/secure.gravatar.com\/avatar\/ffabd643c9bde1ddb74a7c0c246baf46120aab4ff4667ddabceccd73269adc8e?s=96&d=mm&r=g","contentUrl":"https:\/\/secure.gravatar.com\/avatar\/ffabd643c9bde1ddb74a7c0c246baf46120aab4ff4667ddabceccd73269adc8e?s=96&d=mm&r=g","caption":"lucaae"},"url":"https:\/\/alliance-animale.ch\/de\/author\/lucaae\/"}]}},"_links":{"self":[{"href":"https:\/\/alliance-animale.ch\/de\/wp-json\/wp\/v2\/posts\/3277","targetHints":{"allow":["GET"]}}],"collection":[{"href":"https:\/\/alliance-animale.ch\/de\/wp-json\/wp\/v2\/posts"}],"about":[{"href":"https:\/\/alliance-animale.ch\/de\/wp-json\/wp\/v2\/types\/post"}],"author":[{"embeddable":true,"href":"https:\/\/alliance-animale.ch\/de\/wp-json\/wp\/v2\/users\/2"}],"replies":[{"embeddable":true,"href":"https:\/\/alliance-animale.ch\/de\/wp-json\/wp\/v2\/comments?post=3277"}],"version-history":[{"count":2,"href":"https:\/\/alliance-animale.ch\/de\/wp-json\/wp\/v2\/posts\/3277\/revisions"}],"predecessor-version":[{"id":3280,"href":"https:\/\/alliance-animale.ch\/de\/wp-json\/wp\/v2\/posts\/3277\/revisions\/3280"}],"wp:featuredmedia":[{"embeddable":true,"href":"https:\/\/alliance-animale.ch\/de\/wp-json\/wp\/v2\/media\/3238"}],"wp:attachment":[{"href":"https:\/\/alliance-animale.ch\/de\/wp-json\/wp\/v2\/media?parent=3277"}],"wp:term":[{"taxonomy":"category","embeddable":true,"href":"https:\/\/alliance-animale.ch\/de\/wp-json\/wp\/v2\/categories?post=3277"},{"taxonomy":"post_tag","embeddable":true,"href":"https:\/\/alliance-animale.ch\/de\/wp-json\/wp\/v2\/tags?post=3277"}],"curies":[{"name":"wp","href":"https:\/\/api.w.org\/{rel}","templated":true}]}}